{"id":839,"date":"2020-11-02T15:29:18","date_gmt":"2020-11-02T14:29:18","guid":{"rendered":"https:\/\/editionsecriplume.com\/?p=839"},"modified":"2020-12-26T10:08:17","modified_gmt":"2020-12-26T09:08:17","slug":"dis-cest-vrai-que-le-pere-noel-nexiste-pas","status":"publish","type":"post","link":"https:\/\/editionsecriplume.com\/?p=839","title":{"rendered":"Dis&#8230; c&#8217;est vrai que le P\u00e8re No\u00ebl n&#8217;existe pas ?"},"content":{"rendered":"\n<figure class=\"wp-block-image size-large\"><img fetchpriority=\"high\" decoding=\"async\" width=\"1024\" height=\"509\" src=\"https:\/\/editionsecriplume.com\/wp-content\/uploads\/2020\/11\/couverture-site_1-1024x509.jpg\" alt=\"\" class=\"wp-image-844\" srcset=\"https:\/\/editionsecriplume.com\/wp-content\/uploads\/2020\/11\/couverture-site_1-1024x509.jpg 1024w, https:\/\/editionsecriplume.com\/wp-content\/uploads\/2020\/11\/couverture-site_1-600x298.jpg 600w, https:\/\/editionsecriplume.com\/wp-content\/uploads\/2020\/11\/couverture-site_1-300x149.jpg 300w, https:\/\/editionsecriplume.com\/wp-content\/uploads\/2020\/11\/couverture-site_1-768x382.jpg 768w, https:\/\/editionsecriplume.com\/wp-content\/uploads\/2020\/11\/couverture-site_1.jpg 1163w\" sizes=\"(max-width: 1024px) 100vw, 1024px\" \/><\/figure>\n\n\n\n<p class=\"has-vivid-cyan-blue-color has-text-color\">En cette veille de No\u00ebl, Tom rentre de l\u2019\u00e9cole tr\u00e8s pr\u00e9occup\u00e9.\u00a0Ce n\u2019est que plusieurs heures plus tard qu\u2019il confie \u00e0 ses parents ce qui le tracasse : est-ce vrai que le P\u00e8re\u00a0 No\u00ebl n\u2019existe pas, comme le lui ont dit des copains de classe ? Pour ses parents, l\u2019heure est venue de lui parler du Grand Secret\u2026<br>Et il risque d\u2019\u00eatre surpris !\u00a0<br>Ce livre richement illustr\u00e9 s\u2019adresse aux enfants qui commencent \u00e0 douter de l&#8217;existence du P\u00e8re No\u00ebl, mais \u00e9galement aux parents qui ne savent comment aborder la d\u00e9licate transition entre le mythe et la r\u00e9alit\u00e9, et ne trouvent pas les mots pour leur expliquer le r\u00f4le qu&#8217;ils tiennent dans cette si belle histoire\u2026<br><\/p>\n\n\n\n<p><span class=\"has-inline-color has-vivid-cyan-blue-color\">Cet ouvrage, que nous soyons parents ou grands-parents, nous en aurons tous besoin un jour ou l\u2019autre pour faciliter la transition entre le mythe et la r\u00e9alit\u00e9.<\/span><\/p>\n\n\n\n<div class=\"wp-block-image\"><figure class=\"aligncenter size-large\"><img decoding=\"async\" width=\"669\" height=\"1024\" src=\"https:\/\/editionsecriplume.com\/wp-content\/uploads\/2020\/11\/ensemble-site-Noel_1-669x1024.jpg\" alt=\"\" class=\"wp-image-846\" srcset=\"https:\/\/editionsecriplume.com\/wp-content\/uploads\/2020\/11\/ensemble-site-Noel_1-669x1024.jpg 669w, https:\/\/editionsecriplume.com\/wp-content\/uploads\/2020\/11\/ensemble-site-Noel_1-600x918.jpg 600w, https:\/\/editionsecriplume.com\/wp-content\/uploads\/2020\/11\/ensemble-site-Noel_1-196x300.jpg 196w, https:\/\/editionsecriplume.com\/wp-content\/uploads\/2020\/11\/ensemble-site-Noel_1-768x1176.jpg 768w, https:\/\/editionsecriplume.com\/wp-content\/uploads\/2020\/11\/ensemble-site-Noel_1.jpg 980w\" sizes=\"(max-width: 669px) 100vw, 669px\" \/><\/figure><\/div>\n\n\n\n<p><\/p>\n\n\n\n<p><strong>Carte d\u2019identit\u00e9:<\/strong><\/p>\n\n\n\n<ul class=\"wp-block-list\"><li><strong>Titre:<\/strong>&nbsp;<em>\u00ab&nbsp;Dis\u2026 c\u2019est vrai que le P\u00e8re No\u00ebl n\u2019existe pas ?&nbsp;\u00bb<\/em><\/li><li><strong>Auteur :<\/strong>&nbsp;Martine P\u00e9ters<\/li><li><strong>Edition :<\/strong>&nbsp;Ecriplume<\/li><li><strong>Collection :&nbsp;<\/strong>Les histoires de Mamitine<\/li><li><strong>Genre :&nbsp;<\/strong>Livre pour enfants (en \u00e2ge de mettre en doute l\u2019existence du P\u00e8re No\u00ebl)<\/li><li><strong>Ann\u00e9e de parution :&nbsp;<\/strong>2020<\/li><li><strong>Nombre de pages :<\/strong>&nbsp;43 pages<\/li><li><strong>Format :&nbsp;<\/strong>21x 21 cm<\/li><li><strong>ISBN :<\/strong>&nbsp;978-2-901328-00-1<\/li><li><strong>Prix:&nbsp;<\/strong>13,90 euros +&nbsp;<a href=\"https:\/\/tarifs-postaux.fr\/tarif-colissimo.htm\">frais de port<\/a><\/li><li><strong>Sortie:<\/strong>&nbsp;Octobre 2020<\/li><\/ul>\n","protected":false},"excerpt":{"rendered":"<p>En cette veille de No\u00ebl, Tom rentre de l\u2019\u00e9cole tr\u00e8s pr\u00e9occup\u00e9.\u00a0Ce n\u2019est que plusieurs heures plus tard qu\u2019il confie \u00e0 ses parents ce qui le tracasse : est-ce vrai que le P\u00e8re\u00a0 No\u00ebl n\u2019existe pas, comme le lui ont dit des copains de classe ? Pour ses parents, l\u2019heure est venue de lui parler du [&hellip;]<\/p>\n","protected":false},"author":1,"featured_media":0,"comment_status":"open","ping_status":"closed","sticky":false,"template":"","format":"standard","meta":{"_jetpack_memberships_contains_paid_content":false,"footnotes":""},"categories":[40],"tags":[69,41,68,70],"class_list":["post-839","post","type-post","status-publish","format-standard","hentry","category-livres-pour-enfants","tag-conte-de-noel","tag-dis-cest-vrai-que-le-pere-noel-nexiste-pas","tag-noel","tag-pere-noel"],"jetpack_featured_media_url":"","jetpack_sharing_enabled":true,"_links":{"self":[{"href":"https:\/\/editionsecriplume.com\/index.php?rest_route=\/wp\/v2\/posts\/839","targetHints":{"allow":["GET"]}}],"collection":[{"href":"https:\/\/editionsecriplume.com\/index.php?rest_route=\/wp\/v2\/posts"}],"about":[{"href":"https:\/\/editionsecriplume.com\/index.php?rest_route=\/wp\/v2\/types\/post"}],"author":[{"embeddable":true,"href":"https:\/\/editionsecriplume.com\/index.php?rest_route=\/wp\/v2\/users\/1"}],"replies":[{"embeddable":true,"href":"https:\/\/editionsecriplume.com\/index.php?rest_route=%2Fwp%2Fv2%2Fcomments&post=839"}],"version-history":[{"count":5,"href":"https:\/\/editionsecriplume.com\/index.php?rest_route=\/wp\/v2\/posts\/839\/revisions"}],"predecessor-version":[{"id":1744,"href":"https:\/\/editionsecriplume.com\/index.php?rest_route=\/wp\/v2\/posts\/839\/revisions\/1744"}],"wp:attachment":[{"href":"https:\/\/editionsecriplume.com\/index.php?rest_route=%2Fwp%2Fv2%2Fmedia&parent=839"}],"wp:term":[{"taxonomy":"category","embeddable":true,"href":"https:\/\/editionsecriplume.com\/index.php?rest_route=%2Fwp%2Fv2%2Fcategories&post=839"},{"taxonomy":"post_tag","embeddable":true,"href":"https:\/\/editionsecriplume.com\/index.php?rest_route=%2Fwp%2Fv2%2Ftags&post=839"}],"curies":[{"name":"wp","href":"https:\/\/api.w.org\/{rel}","templated":true}]}}