{"id":701,"date":"2020-10-31T17:02:49","date_gmt":"2020-10-31T16:02:49","guid":{"rendered":"https:\/\/editionsecriplume.com\/?p=701"},"modified":"2025-12-16T14:50:50","modified_gmt":"2025-12-16T13:50:50","slug":"lautre-visage-decriplume-une-plume-a-votre-ecoute","status":"publish","type":"post","link":"https:\/\/editionsecriplume.com\/?p=701","title":{"rendered":"L&#8217;autre visage d&#8217;Ecriplume&#8230; une plume \u00e0 votre \u00e9coute"},"content":{"rendered":"<div class=\"wp-block-image\">\n<figure class=\"aligncenter size-large is-resized\"><img fetchpriority=\"high\" decoding=\"async\" width=\"683\" height=\"1024\" src=\"https:\/\/editionsecriplume.com\/wp-content\/uploads\/2020\/10\/pexels-jacqueline-kelly-4067125-683x1024.jpg\" alt=\"\" class=\"wp-image-703\" style=\"width:443px;height:655px\" srcset=\"https:\/\/editionsecriplume.com\/wp-content\/uploads\/2020\/10\/pexels-jacqueline-kelly-4067125-683x1024.jpg 683w, https:\/\/editionsecriplume.com\/wp-content\/uploads\/2020\/10\/pexels-jacqueline-kelly-4067125-600x900.jpg 600w, https:\/\/editionsecriplume.com\/wp-content\/uploads\/2020\/10\/pexels-jacqueline-kelly-4067125-200x300.jpg 200w, https:\/\/editionsecriplume.com\/wp-content\/uploads\/2020\/10\/pexels-jacqueline-kelly-4067125-768x1152.jpg 768w, https:\/\/editionsecriplume.com\/wp-content\/uploads\/2020\/10\/pexels-jacqueline-kelly-4067125-1024x1536.jpg 1024w, https:\/\/editionsecriplume.com\/wp-content\/uploads\/2020\/10\/pexels-jacqueline-kelly-4067125-1365x2048.jpg 1365w, https:\/\/editionsecriplume.com\/wp-content\/uploads\/2020\/10\/pexels-jacqueline-kelly-4067125-scaled.jpg 1707w\" sizes=\"(max-width: 683px) 100vw, 683px\" \/><\/figure>\n<\/div>\n\n\n<p class=\"has-black-color has-text-color\">Journaliste et \u00e9crivain dipl\u00f4m\u00e9e du Centre de Formation au journalisme et aux m\u00e9dias de Lausanne, je m\u2019appelle Martine P\u00e9ters \u2013 Gu\u00e9dot, et suis de nationalit\u00e9 franco-suisse.\u00a0<br>J\u2019ai travaill\u00e9 durant toute ma carri\u00e8re pour des journaux et magazines suisses (tels que, notamment, le quotidien\u00a0<em>24 Heures<\/em>, l\u2019hebdomadaire\u00a0<em>Terre et Nature<\/em>, et le magazine\u00a0<em>G\u00e9n\u00e9rations<\/em>,\u00a0<em>Le Guide des Enfants en Suisse<\/em>\u00a0et\u00a0<em>Le Guide des 50 ans et +<\/em>) sous le nom de Martine Bernier.\u00a0<br>J\u2019ai \u00e9galement \u00e9crit et publi\u00e9 plusieurs ouvrages.<\/p>\n\n\n\n<p>Et parce qu&#8217;\u00e9crire est ma passion, j&#8217;ai d\u00e9cid\u00e9 d&#8217;ouvrir l&#8217;\u00e9ventail de mes activit\u00e9s en ouvrant une petite maison d&#8217;\u00e9dition ne proposant que des ouvrages \u00e9crits par mes soins.<\/p>\n\n\n\n<p class=\"has-black-color has-text-color\">Aujourd\u2019hui install\u00e9e en Franche-Comt\u00e9, je m\u2019adonne principalement \u00e0 mon m\u00e9tier d\u2019\u00e9crivain tout en continuant \u00e0 r\u00e9diger des articles journalistiques.<\/p>\n\n\n\n<p class=\"has-black-color has-text-color\"><strong>Quel que soit votre lieu de r\u00e9sidence, vous pouvez faire appel \u00e0 moi pour diff\u00e9rents travaux r\u00e9dactionnels, que vous soyez personne priv\u00e9e, municipalit\u00e9, collectivit\u00e9, association ou entreprise.<\/strong><br>En effet, pour des raisons pratiques, les s\u00e9ances de travail se d\u00e9roulent en viso-conf\u00e9rences, y compris si vous r\u00e9sidez en dehors des fronti\u00e8res fran\u00e7aises.<br>Les travaux que je propose sont d\u00e9taill\u00e9s ici.<\/p>\n\n\n\n<p class=\"has-black-color has-text-color\">Dans le domaine de l\u2019\u00e9criture, aucun projet n\u2019est impossible ou saugrenu.<br>Un entretien suffit \u00e0 d\u00e9finir vos besoins et vos envies pour ensuite leur permettre de prendre forme dans le cadre d\u2019un accompagnement personnalis\u00e9.<\/p>\n\n\n\n<p class=\"has-black-color has-text-color\">N\u2019h\u00e9sitez pas \u00e0 prendre contact !<\/p>\n","protected":false},"excerpt":{"rendered":"<p>Journaliste et \u00e9crivain dipl\u00f4m\u00e9e du Centre de Formation au journalisme et aux m\u00e9dias de Lausanne, je m\u2019appelle Martine P\u00e9ters \u2013 Gu\u00e9dot, et suis de nationalit\u00e9 franco-suisse.\u00a0J\u2019ai travaill\u00e9 durant toute ma carri\u00e8re pour des journaux et magazines suisses (tels que, notamment, le quotidien\u00a024 Heures, l\u2019hebdomadaire\u00a0Terre et Nature, et le magazine\u00a0G\u00e9n\u00e9rations,\u00a0Le Guide des Enfants en Suisse\u00a0et\u00a0Le Guide [&hellip;]<\/p>\n","protected":false},"author":1,"featured_media":0,"comment_status":"open","ping_status":"closed","sticky":false,"template":"","format":"standard","meta":{"_jetpack_memberships_contains_paid_content":false,"footnotes":""},"categories":[33,18],"tags":[66,67],"class_list":["post-701","post","type-post","status-publish","format-standard","hentry","category-a-propos-de-nous","category-blog","tag-ecriplume","tag-une-plume-a-votre-ecoute"],"jetpack_featured_media_url":"","jetpack_sharing_enabled":true,"_links":{"self":[{"href":"https:\/\/editionsecriplume.com\/index.php?rest_route=\/wp\/v2\/posts\/701","targetHints":{"allow":["GET"]}}],"collection":[{"href":"https:\/\/editionsecriplume.com\/index.php?rest_route=\/wp\/v2\/posts"}],"about":[{"href":"https:\/\/editionsecriplume.com\/index.php?rest_route=\/wp\/v2\/types\/post"}],"author":[{"embeddable":true,"href":"https:\/\/editionsecriplume.com\/index.php?rest_route=\/wp\/v2\/users\/1"}],"replies":[{"embeddable":true,"href":"https:\/\/editionsecriplume.com\/index.php?rest_route=%2Fwp%2Fv2%2Fcomments&post=701"}],"version-history":[{"count":8,"href":"https:\/\/editionsecriplume.com\/index.php?rest_route=\/wp\/v2\/posts\/701\/revisions"}],"predecessor-version":[{"id":3182,"href":"https:\/\/editionsecriplume.com\/index.php?rest_route=\/wp\/v2\/posts\/701\/revisions\/3182"}],"wp:attachment":[{"href":"https:\/\/editionsecriplume.com\/index.php?rest_route=%2Fwp%2Fv2%2Fmedia&parent=701"}],"wp:term":[{"taxonomy":"category","embeddable":true,"href":"https:\/\/editionsecriplume.com\/index.php?rest_route=%2Fwp%2Fv2%2Fcategories&post=701"},{"taxonomy":"post_tag","embeddable":true,"href":"https:\/\/editionsecriplume.com\/index.php?rest_route=%2Fwp%2Fv2%2Ftags&post=701"}],"curies":[{"name":"wp","href":"https:\/\/api.w.org\/{rel}","templated":true}]}}