{"id":1805,"date":"2021-01-22T15:44:49","date_gmt":"2021-01-22T14:44:49","guid":{"rendered":"https:\/\/editionsecriplume.com\/?p=1805"},"modified":"2021-01-29T08:29:12","modified_gmt":"2021-01-29T07:29:12","slug":"bientot-les-ateliers-decriture-pour-enfants","status":"publish","type":"post","link":"https:\/\/editionsecriplume.com\/?p=1805","title":{"rendered":"Bient\u00f4t les ateliers d&#8217;\u00e9criture pour enfants!"},"content":{"rendered":"\n<figure class=\"wp-block-image size-large is-style-default\"><img fetchpriority=\"high\" decoding=\"async\" width=\"600\" height=\"300\" src=\"https:\/\/editionsecriplume.com\/wp-content\/uploads\/2021\/01\/image.png\" alt=\"\" class=\"wp-image-1806\"\/><\/figure>\n\n\n\n<p>Les ateliers d&#8217;\u00e9criture cela vous parle? <br>Dans le cadre des activit\u00e9s propos\u00e9es par les Editions Ecriplume j&#8217;ai accept\u00e9 de partir \u00e0 la rencontre d&#8217;\u00e9l\u00e8ves de 8 \u00e0 11 ans, dans le cadre des activit\u00e9s p\u00e9riscolaires, dans notre coin de Franche-Comt\u00e9, du c\u00f4t\u00e9 de Lure.<br><br>Ces ateliers auraient d\u00e9j\u00e0 d\u00fb commencer cet automne mais, pand\u00e9mie oblige, nous avons report\u00e9 \u00e0 des jours meilleurs. <br><br>Ceux-ci tardant \u00e0 revenir, je vais donc retenter l&#8217;aventure d\u00e8s la fin du mois de f\u00e9vrier. <br><br>Le th\u00e8me choisi par l&#8217;\u00e9tablissement pour les ateliers de cette p\u00e9riode sera&#8230; le Cin\u00e9ma! Je me mets donc au diapason! <br><br>La grande question \u00e9tant: alors qu&#8217;ils ont le choix entre toute une s\u00e9rie d&#8217;activit\u00e9s, y aura-t-il des enfants suffisamment port\u00e9s par le go\u00fbt et la curiosit\u00e9 de l&#8217;\u00e9criture pour venir d\u00e9couvrir cet atelier qui fera appel \u00e0 leur cr\u00e9ativit\u00e9 et \u00e0 leur imagination?<br><br>L&#8217;avenir  le dira&#8230;<br><br>Ecriplume<\/p>\n","protected":false},"excerpt":{"rendered":"<p>Les ateliers d&#8217;\u00e9criture cela vous parle? Dans le cadre des activit\u00e9s propos\u00e9es par les Editions Ecriplume j&#8217;ai accept\u00e9 de partir \u00e0 la rencontre d&#8217;\u00e9l\u00e8ves de 8 \u00e0 11 ans, dans le cadre des activit\u00e9s p\u00e9riscolaires, dans notre coin de Franche-Comt\u00e9, du c\u00f4t\u00e9 de Lure. Ces ateliers auraient d\u00e9j\u00e0 d\u00fb commencer cet automne mais, pand\u00e9mie oblige, [&hellip;]<\/p>\n","protected":false},"author":1,"featured_media":0,"comment_status":"open","ping_status":"closed","sticky":false,"template":"","format":"standard","meta":{"_jetpack_memberships_contains_paid_content":false,"footnotes":""},"categories":[51],"tags":[88],"class_list":["post-1805","post","type-post","status-publish","format-standard","hentry","category-nos-services","tag-atelier-decriture-pour-enfants"],"jetpack_featured_media_url":"","jetpack_sharing_enabled":true,"_links":{"self":[{"href":"https:\/\/editionsecriplume.com\/index.php?rest_route=\/wp\/v2\/posts\/1805","targetHints":{"allow":["GET"]}}],"collection":[{"href":"https:\/\/editionsecriplume.com\/index.php?rest_route=\/wp\/v2\/posts"}],"about":[{"href":"https:\/\/editionsecriplume.com\/index.php?rest_route=\/wp\/v2\/types\/post"}],"author":[{"embeddable":true,"href":"https:\/\/editionsecriplume.com\/index.php?rest_route=\/wp\/v2\/users\/1"}],"replies":[{"embeddable":true,"href":"https:\/\/editionsecriplume.com\/index.php?rest_route=%2Fwp%2Fv2%2Fcomments&post=1805"}],"version-history":[{"count":2,"href":"https:\/\/editionsecriplume.com\/index.php?rest_route=\/wp\/v2\/posts\/1805\/revisions"}],"predecessor-version":[{"id":1808,"href":"https:\/\/editionsecriplume.com\/index.php?rest_route=\/wp\/v2\/posts\/1805\/revisions\/1808"}],"wp:attachment":[{"href":"https:\/\/editionsecriplume.com\/index.php?rest_route=%2Fwp%2Fv2%2Fmedia&parent=1805"}],"wp:term":[{"taxonomy":"category","embeddable":true,"href":"https:\/\/editionsecriplume.com\/index.php?rest_route=%2Fwp%2Fv2%2Fcategories&post=1805"},{"taxonomy":"post_tag","embeddable":true,"href":"https:\/\/editionsecriplume.com\/index.php?rest_route=%2Fwp%2Fv2%2Ftags&post=1805"}],"curies":[{"name":"wp","href":"https:\/\/api.w.org\/{rel}","templated":true}]}}