{"id":1709,"date":"2020-12-23T14:55:20","date_gmt":"2020-12-23T13:55:20","guid":{"rendered":"https:\/\/editionsecriplume.com\/?p=1709"},"modified":"2021-03-05T11:02:02","modified_gmt":"2021-03-05T10:02:02","slug":"le-fantome-de-brigasou","status":"publish","type":"post","link":"https:\/\/editionsecriplume.com\/?p=1709","title":{"rendered":"Le Fant\u00f4me de Brigasou"},"content":{"rendered":"\t\t<div data-elementor-type=\"wp-post\" data-elementor-id=\"1709\" class=\"elementor elementor-1709\" data-elementor-post-type=\"post\">\n\t\t\t\t\t\t<section class=\"elementor-section elementor-top-section elementor-element elementor-element-221d658e elementor-section-boxed elementor-section-height-default elementor-section-height-default\" data-id=\"221d658e\" data-element_type=\"section\">\n\t\t\t\t\t\t<div class=\"elementor-container elementor-column-gap-default\">\n\t\t\t\t\t<div class=\"aux-parallax-section elementor-column elementor-col-100 elementor-top-column elementor-element elementor-element-3b3261f3\" data-id=\"3b3261f3\" data-element_type=\"column\">\n\t\t\t<div class=\"elementor-widget-wrap elementor-element-populated\">\n\t\t\t\t\t\t<div class=\"elementor-element elementor-element-52fa2fa5 elementor-widget elementor-widget-text-editor\" data-id=\"52fa2fa5\" data-element_type=\"widget\" data-widget_type=\"text-editor.default\">\n\t\t\t\t<div class=\"elementor-widget-container\">\n\t\t\t\t\t\t\t\t\t\n<div class=\"wp-block-image is-style-default\">\n<figure class=\"aligncenter size-full\"><img fetchpriority=\"high\" decoding=\"async\" width=\"1337\" height=\"698\" class=\"wp-image-1712\" src=\"https:\/\/editionsecriplume.com\/wp-content\/uploads\/2020\/12\/Couverture-Fantome-de-Brigasou-complete-2.jpg\" alt=\"\" srcset=\"https:\/\/editionsecriplume.com\/wp-content\/uploads\/2020\/12\/Couverture-Fantome-de-Brigasou-complete-2.jpg 1337w, https:\/\/editionsecriplume.com\/wp-content\/uploads\/2020\/12\/Couverture-Fantome-de-Brigasou-complete-2-600x313.jpg 600w\" sizes=\"(max-width: 1337px) 100vw, 1337px\" \/><\/figure>\n<\/div>\n\n<p>La grand-m\u00e8re de Maxime annonce \u00e0 sa famille qu&#8217;elle vient de racheter le petit manoir de Brigasou, berceau de sa famille o\u00f9 elle a v\u00e9cu lorsqu&#8217;elle \u00e9tait enfant. Personne ne se demande pourquoi les nombreux propri\u00e9taires qui l&#8217;ont acquis par la suite l&#8217;ont tous revendu au bout de quelques mois. En allant passer quelques jours de vacances chez sa grand-m\u00e8re, Max r\u00e9alise que, dans cette ravissante maison se passent des choses tr\u00e8s \u00e9tranges\u2026<span class=\"Apple-converted-space\">\u00a0<\/span><\/p>\n\n<figure class=\"wp-block-image size-full is-style-default\"><img decoding=\"async\" width=\"1749\" height=\"2481\" class=\"wp-image-1715\" src=\"https:\/\/editionsecriplume.com\/wp-content\/uploads\/2020\/12\/Ensemble-photos-livre-1.jpg\" alt=\"\" srcset=\"https:\/\/editionsecriplume.com\/wp-content\/uploads\/2020\/12\/Ensemble-photos-livre-1.jpg 1749w, https:\/\/editionsecriplume.com\/wp-content\/uploads\/2020\/12\/Ensemble-photos-livre-1-600x851.jpg 600w, https:\/\/editionsecriplume.com\/wp-content\/uploads\/2020\/12\/Ensemble-photos-livre-1-1083x1536.jpg 1083w, https:\/\/editionsecriplume.com\/wp-content\/uploads\/2020\/12\/Ensemble-photos-livre-1-1444x2048.jpg 1444w\" sizes=\"(max-width: 1749px) 100vw, 1749px\" \/><\/figure>\n\t\t\t\t\t\t\t\t<\/div>\n\t\t\t\t<\/div>\n\t\t\t\t\t<\/div>\n\t\t<\/div>\n\t\t\t\t\t<\/div>\n\t\t<\/section>\n\t\t\t\t<section class=\"elementor-section elementor-top-section elementor-element elementor-element-32cd75e elementor-section-boxed elementor-section-height-default elementor-section-height-default\" data-id=\"32cd75e\" data-element_type=\"section\">\n\t\t\t\t\t\t<div class=\"elementor-container elementor-column-gap-default\">\n\t\t\t\t\t<div class=\"aux-parallax-section elementor-column elementor-col-100 elementor-top-column elementor-element elementor-element-a52f906\" data-id=\"a52f906\" data-element_type=\"column\">\n\t\t\t<div class=\"elementor-widget-wrap elementor-element-populated\">\n\t\t\t\t\t\t<div class=\"elementor-element elementor-element-72d9b5c elementor-widget elementor-widget-text-editor\" data-id=\"72d9b5c\" data-element_type=\"widget\" data-widget_type=\"text-editor.default\">\n\t\t\t\t<div class=\"elementor-widget-container\">\n\t\t\t\t\t\t\t\t\t<p><strong>Carte d&#8217;identit\u00e9:<\/strong><\/p>\n<ul>\n<li><strong>Titre:<\/strong><em> &#8220;Le Fant\u00f4me de Brigasou&#8221;<\/em><\/li>\n<li><strong>Auteur:\u00a0<\/strong>Martine P\u00e9ters<\/li>\n<li><strong>Editions:\u00a0<\/strong>Ecriplume<\/li>\n<li><strong>Collection:\u00a0<\/strong>Les Histoires de Mamitine<\/li>\n<li><strong>Ann\u00e9e de parution:\u00a0<\/strong>2021<\/li>\n<li><strong>Nombre de pages:\u00a0<\/strong>43 pages<\/li>\n<li><strong>Format:\u00a0<\/strong>21 x 21 cm<\/li>\n<li><strong>ISBN: <\/strong>978-2-901328-03-2<\/li>\n<li><strong>Prix:\u00a0<\/strong>13,90 euros +\u00a0<a href=\"https:\/\/tarifs-postaux.fr\/tarif-colissimo.htm\">frais de port<\/a><\/li>\n<li><strong>Sortie:\u00a0<\/strong>F\u00e9vrier 2021<\/li>\n<\/ul>\n<p>\u00a0<\/p>\t\t\t\t\t\t\t\t<\/div>\n\t\t\t\t<\/div>\n\t\t\t\t\t<\/div>\n\t\t<\/div>\n\t\t\t\t\t<\/div>\n\t\t<\/section>\n\t\t\t\t<\/div>\n\t\t","protected":false},"excerpt":{"rendered":"<p>La grand-m\u00e8re de Maxime annonce \u00e0 sa famille qu&#8217;elle vient de racheter le petit manoir de Brigasou, berceau de sa famille o\u00f9 elle a v\u00e9cu lorsqu&#8217;elle \u00e9tait enfant. Personne ne se demande pourquoi les nombreux propri\u00e9taires qui l&#8217;ont acquis par la suite l&#8217;ont tous revendu au bout de quelques mois. En allant passer quelques jours [&hellip;]<\/p>\n","protected":false},"author":1,"featured_media":0,"comment_status":"open","ping_status":"closed","sticky":false,"template":"","format":"standard","meta":{"_jetpack_memberships_contains_paid_content":false,"footnotes":""},"categories":[1],"tags":[90,64],"class_list":["post-1709","post","type-post","status-publish","format-standard","hentry","category-non-classe","tag-le-fantome-de-brigasou","tag-livre-pour-enfants"],"jetpack_featured_media_url":"","jetpack_sharing_enabled":true,"_links":{"self":[{"href":"https:\/\/editionsecriplume.com\/index.php?rest_route=\/wp\/v2\/posts\/1709","targetHints":{"allow":["GET"]}}],"collection":[{"href":"https:\/\/editionsecriplume.com\/index.php?rest_route=\/wp\/v2\/posts"}],"about":[{"href":"https:\/\/editionsecriplume.com\/index.php?rest_route=\/wp\/v2\/types\/post"}],"author":[{"embeddable":true,"href":"https:\/\/editionsecriplume.com\/index.php?rest_route=\/wp\/v2\/users\/1"}],"replies":[{"embeddable":true,"href":"https:\/\/editionsecriplume.com\/index.php?rest_route=%2Fwp%2Fv2%2Fcomments&post=1709"}],"version-history":[{"count":14,"href":"https:\/\/editionsecriplume.com\/index.php?rest_route=\/wp\/v2\/posts\/1709\/revisions"}],"predecessor-version":[{"id":1921,"href":"https:\/\/editionsecriplume.com\/index.php?rest_route=\/wp\/v2\/posts\/1709\/revisions\/1921"}],"wp:attachment":[{"href":"https:\/\/editionsecriplume.com\/index.php?rest_route=%2Fwp%2Fv2%2Fmedia&parent=1709"}],"wp:term":[{"taxonomy":"category","embeddable":true,"href":"https:\/\/editionsecriplume.com\/index.php?rest_route=%2Fwp%2Fv2%2Fcategories&post=1709"},{"taxonomy":"post_tag","embeddable":true,"href":"https:\/\/editionsecriplume.com\/index.php?rest_route=%2Fwp%2Fv2%2Ftags&post=1709"}],"curies":[{"name":"wp","href":"https:\/\/api.w.org\/{rel}","templated":true}]}}